{"id":2,"name":"Carlos Salvador","url":"https:\/\/getsmile.pt\/","description":"\u201cA GetSmile integra o Grupo Dr. Carlos Salvador, uma refer\u00eancia na medicina dent\u00e1ria em Portugal. Com mais de 20 anos de experi\u00eancia, reunimos todas as especialidades num s\u00f3 espa\u00e7o, aliando tecnologia avan\u00e7ada a resultados cl\u00ednicos duradouros.","link":"https:\/\/getsmile.pt\/fr\/author\/dr-carlos-salvador\/","slug":"dr-carlos-salvador","avatar_urls":{"24":"https:\/\/getsmile.pt\/wp-content\/uploads\/2021\/08\/cropped-Dr.-Carlos-Salvador-scaled-2-1-1-24x24.jpg","48":"https:\/\/getsmile.pt\/wp-content\/uploads\/2021\/08\/cropped-Dr.-Carlos-Salvador-scaled-2-1-1-48x48.jpg","96":"https:\/\/getsmile.pt\/wp-content\/uploads\/2021\/08\/cropped-Dr.-Carlos-Salvador-scaled-2-1-1-96x96.jpg"},"meta":[],"acf":[],"simple_local_avatar":{"media_id":41593,"full":"https:\/\/getsmile.pt\/wp-content\/uploads\/2021\/08\/cropped-Dr.-Carlos-Salvador-scaled-2-1-1.jpg","blog_id":1,"192":"https:\/\/getsmile.pt\/wp-content\/uploads\/2021\/08\/cropped-Dr.-Carlos-Salvador-scaled-2-1-1-192x192.jpg","96":"https:\/\/getsmile.pt\/wp-content\/uploads\/2021\/08\/cropped-Dr.-Carlos-Salvador-scaled-2-1-1-96x96.jpg","44":"https:\/\/getsmile.pt\/wp-content\/uploads\/2021\/08\/cropped-Dr.-Carlos-Salvador-scaled-2-1-1-44x44.jpg","22":"https:\/\/getsmile.pt\/wp-content\/uploads\/2021\/08\/cropped-Dr.-Carlos-Salvador-scaled-2-1-1-22x22.jpg","80":"https:\/\/getsmile.pt\/wp-content\/uploads\/2021\/08\/cropped-Dr.-Carlos-Salvador-scaled-2-1-1-80x80.jpg","40":"https:\/\/getsmile.pt\/wp-content\/uploads\/2021\/08\/cropped-Dr.-Carlos-Salvador-scaled-2-1-1-40x40.jpg","128":"https:\/\/getsmile.pt\/wp-content\/uploads\/2021\/08\/cropped-Dr.-Carlos-Salvador-scaled-2-1-1-128x128.jpg","64":"https:\/\/getsmile.pt\/wp-content\/uploads\/2021\/08\/cropped-Dr.-Carlos-Salvador-scaled-2-1-1-64x64.jpg","52":"https:\/\/getsmile.pt\/wp-content\/uploads\/2021\/08\/cropped-Dr.-Carlos-Salvador-scaled-2-1-1-52x52.jpg","26":"https:\/\/getsmile.pt\/wp-content\/uploads\/2021\/08\/cropped-Dr.-Carlos-Salvador-scaled-2-1-1-26x26.jpg","24":"https:\/\/getsmile.pt\/wp-content\/uploads\/2021\/08\/cropped-Dr.-Carlos-Salvador-scaled-2-1-1-24x24.jpg","48":"https:\/\/getsmile.pt\/wp-content\/uploads\/2021\/08\/cropped-Dr.-Carlos-Salvador-scaled-2-1-1-48x48.jpg","300":"https:\/\/getsmile.pt\/wp-content\/uploads\/2021\/08\/cropped-Dr.-Carlos-Salvador-scaled-2-1-1-300x300.jpg","32":"https:\/\/getsmile.pt\/wp-content\/uploads\/2021\/08\/cropped-Dr.-Carlos-Salvador-scaled-2-1-1-32x32.jpg","180":"https:\/\/getsmile.pt\/wp-content\/uploads\/2021\/08\/cropped-Dr.-Carlos-Salvador-scaled-2-1-1-180x180.jpg","90":"https:\/\/getsmile.pt\/wp-content\/uploads\/2021\/08\/cropped-Dr.-Carlos-Salvador-scaled-2-1-1-90x90.jpg"},"elementor_introduction":{"ai-get-started-announcement":true,"globals_introduction":true,"e-ai-product-image-unification":true,"kit_elements_defaults_create_dialog":true,"ai_get_started":true,"ai_get_started_introduction_container_connect":true,"upload_json_warning_generic_message":true,"e-ai-upgrade-message":true,"black_friday_pointer_2025":true,"e-ai-image-vector-option":true,"e-editor-one-notice-pointer":true},"_links":{"self":[{"href":"https:\/\/getsmile.pt\/fr\/wp-json\/wp\/v2\/users\/2","targetHints":{"allow":["GET"]}}],"collection":[{"href":"https:\/\/getsmile.pt\/fr\/wp-json\/wp\/v2\/users"}]}}